{"id":10417,"date":"2024-06-08T10:02:00","date_gmt":"2024-06-08T09:02:00","guid":{"rendered":"https:\/\/life-beaver.eu\/?p=10417"},"modified":"2024-10-02T10:05:48","modified_gmt":"2024-10-02T09:05:48","slug":"izlozba-dabar-i-vlazna-stanista","status":"publish","type":"post","link":"https:\/\/life-beaver.eu\/hr\/izlozba-dabar-i-vlazna-stanista\/","title":{"rendered":"Izlo\u017eba \u201eDABAR I VLA\u017dNA STANI\u0160TA\u201c"},"content":{"rendered":"\n<p>U \u010detvrtak, 06. lipnja 2024. godine u Muzeju Ivani\u0107-Grada otvorena je izlo\u017eba \u201eDabar i vla\u017ena stani\u0161ta\u201c.<\/p>\n\n\n\n<p>Kroz izlo\u017ebu je dan pregled povijesti dabra u Hrvatskoj nakon projekta reintrodukcije dabra 1996. godine. Kroz izlo\u017ebu odgovara se na brojna pitanja o dabru kao izuzetno zanimljivoj \u017eivotinjskoj vrsti \u2013 o anatomiji, na\u010dinu \u017eivota, za\u0161to gradi brane, \u010dime se hrani, ali najva\u017enije \u2013 za \u0161to je koristan te kako olak\u0161ati su\u017eivot dabra i \u010dovjeka.<\/p>\n\n\n\n<p>Dio izlo\u017ebe posve\u0107en je i projektu LIFE Beaver \u2013 \u017eivjeti s dabrom, vla\u017enim stani\u0161tima i klimatskim promjenama. Glavni cilj projekta LIFE Dabar je informiranje i educiranje \u0161ireg sloja ljudi o dabru i korisnosti koju ta \u017eivotinjska vrsta donosi cjelokupnom ekosustavu, uklju\u010duju\u0107i i \u010dovjeka.<\/p>\n\n\n\n<p>Izlo\u017eba je financirana sredstvima programa LIFE kao dio projekta LIFE &#8211; \u017divjeti s dabrom, vla\u017enim stani\u0161tima i klimatskim promjenama (LIFE19 GIE\/SI\/001111).<\/p>\n\n\n<div class=\"wp-block-image\">\n<figure class=\"aligncenter size-large is-resized\"><img fetchpriority=\"high\" decoding=\"async\" width=\"768\" height=\"1024\" src=\"https:\/\/life-beaver.eu\/wp-content\/uploads\/2024\/10\/448224952_990960446365908_6448059642418290_n-768x1024.jpg\" alt=\"\" class=\"wp-image-10424\" style=\"width:472px;height:auto\" srcset=\"https:\/\/life-beaver.eu\/wp-content\/uploads\/2024\/10\/448224952_990960446365908_6448059642418290_n-768x1024.jpg 768w, https:\/\/life-beaver.eu\/wp-content\/uploads\/2024\/10\/448224952_990960446365908_6448059642418290_n-225x300.jpg 225w, https:\/\/life-beaver.eu\/wp-content\/uploads\/2024\/10\/448224952_990960446365908_6448059642418290_n-1152x1536.jpg 1152w, https:\/\/life-beaver.eu\/wp-content\/uploads\/2024\/10\/448224952_990960446365908_6448059642418290_n-370x493.jpg 370w, https:\/\/life-beaver.eu\/wp-content\/uploads\/2024\/10\/448224952_990960446365908_6448059642418290_n-770x1027.jpg 770w, https:\/\/life-beaver.eu\/wp-content\/uploads\/2024\/10\/448224952_990960446365908_6448059642418290_n-1170x1560.jpg 1170w, https:\/\/life-beaver.eu\/wp-content\/uploads\/2024\/10\/448224952_990960446365908_6448059642418290_n-1320x1760.jpg 1320w, https:\/\/life-beaver.eu\/wp-content\/uploads\/2024\/10\/448224952_990960446365908_6448059642418290_n.jpg 1530w\" sizes=\"(max-width: 768px) 100vw, 768px\" \/><\/figure>\n<\/div>","protected":false},"excerpt":{"rendered":"<p>U \u010detvrtak, 06. lipnja 2024. godine u Muzeju Ivani\u0107-Grada otvorena je izlo\u017eba \u201eDabar i vla\u017ena stani\u0161ta\u201c. Kroz izlo\u017ebu je dan pregled povijesti dabra u Hrvatskoj nakon projekta reintrodukcije dabra 1996. godine. Kroz izlo\u017ebu&hellip;<\/p>\n","protected":false},"author":5,"featured_media":10418,"comment_status":"closed","ping_status":"closed","sticky":false,"template":"","format":"standard","meta":{"footnotes":""},"categories":[23],"tags":[],"class_list":["post-10417","post","type-post","status-publish","format-standard","has-post-thumbnail","hentry","category-novosti"],"_links":{"self":[{"href":"https:\/\/life-beaver.eu\/hr\/wp-json\/wp\/v2\/posts\/10417","targetHints":{"allow":["GET"]}}],"collection":[{"href":"https:\/\/life-beaver.eu\/hr\/wp-json\/wp\/v2\/posts"}],"about":[{"href":"https:\/\/life-beaver.eu\/hr\/wp-json\/wp\/v2\/types\/post"}],"author":[{"embeddable":true,"href":"https:\/\/life-beaver.eu\/hr\/wp-json\/wp\/v2\/users\/5"}],"replies":[{"embeddable":true,"href":"https:\/\/life-beaver.eu\/hr\/wp-json\/wp\/v2\/comments?post=10417"}],"version-history":[{"count":1,"href":"https:\/\/life-beaver.eu\/hr\/wp-json\/wp\/v2\/posts\/10417\/revisions"}],"predecessor-version":[{"id":10427,"href":"https:\/\/life-beaver.eu\/hr\/wp-json\/wp\/v2\/posts\/10417\/revisions\/10427"}],"wp:featuredmedia":[{"embeddable":true,"href":"https:\/\/life-beaver.eu\/hr\/wp-json\/wp\/v2\/media\/10418"}],"wp:attachment":[{"href":"https:\/\/life-beaver.eu\/hr\/wp-json\/wp\/v2\/media?parent=10417"}],"wp:term":[{"taxonomy":"category","embeddable":true,"href":"https:\/\/life-beaver.eu\/hr\/wp-json\/wp\/v2\/categories?post=10417"},{"taxonomy":"post_tag","embeddable":true,"href":"https:\/\/life-beaver.eu\/hr\/wp-json\/wp\/v2\/tags?post=10417"}],"curies":[{"name":"wp","href":"https:\/\/api.w.org\/{rel}","templated":true}]}}