{"id":10401,"date":"2022-03-02T09:53:00","date_gmt":"2022-03-02T08:53:00","guid":{"rendered":"https:\/\/life-beaver.eu\/?p=10401"},"modified":"2024-10-02T09:57:35","modified_gmt":"2024-10-02T08:57:35","slug":"promocija-projekta-life-beaver-u-ivanic-gradu-za-vrijeme-bucijade-2022","status":"publish","type":"post","link":"https:\/\/life-beaver.eu\/hr\/promocija-projekta-life-beaver-u-ivanic-gradu-za-vrijeme-bucijade-2022\/","title":{"rendered":"Promocija projekta LIFE Beaver u Ivani\u0107-Gradu za vrijeme Bu\u010dijade 2022"},"content":{"rendered":"\n<p>Bu\u010dijada je najve\u0107a i najposje\u0107enija manifestacija Ivani\u0107-Grada, a pro\u0161le, 2022. godine odr\u017eana je 18. put. Manifestacija je trajala od 30.09. do 02.10.2022., a posjetilo ju je oko 55.000 ljudi. S obzirom na predvi\u0111enu veliku posje\u0107enost, u suradnji s Turisti\u010dkom zajednicom Ivani\u0107-Grada i lokalnim fotografom Zoranom O\u017eetskim, djelatnici Muzeja Ivani\u0107-Grada su promovirali prirodnu ba\u0161tinu okolice Ivani\u0107-Grada, u okviru \u010dega je promoviran i projekt LIFE Beaver.<\/p>\n\n\n\n<p>U neposrednoj blizini centra grada, cijelom du\u017einom prvog dijela znamenite gradske \u0161etnice, postavljene su velike obostrane table s fotografijama flore i faune \u0161ume \u017eutice (gdje su dabrovi i ispu\u0161teni u Hrvatskoj 1996. i gdje i sada obitavaju u velikom broju). Osim o \u0161umi \u017dutici, posebne su table izra\u0111ene i o dabru kao va\u017enom \u010dlanu \u0161umske faune te posebne table s informacijama o projektu LIFE Beaver koje su bile postavljene na po\u010detku s obje strane \u0161etnice.<\/p>\n\n\n\n<p>Nevezano uz projekt LIFE Beaver, prije nekoliko godina Grad Ivani\u0107-Grad je na po\u010detak \u0161etnice postavljen odljev dabra, rad poznate ivani\u0107ke akademske slikarice, umjetnice Ivane O\u017eetski te info plo\u010du sa svim najva\u017enijim informacijama o dabru (prema tekstovima prof. Marijana Grube\u0161i\u0107a).<\/p>\n","protected":false},"excerpt":{"rendered":"<p>Bu\u010dijada je najve\u0107a i najposje\u0107enija manifestacija Ivani\u0107-Grada, a pro\u0161le, 2022. godine odr\u017eana je 18. put. Manifestacija je trajala od 30.09. do 02.10.2022., a posjetilo ju je oko 55.000 ljudi. S obzirom na predvi\u0111enu&hellip;<\/p>\n","protected":false},"author":5,"featured_media":10402,"comment_status":"closed","ping_status":"closed","sticky":false,"template":"","format":"standard","meta":{"footnotes":""},"categories":[23],"tags":[],"class_list":["post-10401","post","type-post","status-publish","format-standard","has-post-thumbnail","hentry","category-novosti"],"_links":{"self":[{"href":"https:\/\/life-beaver.eu\/hr\/wp-json\/wp\/v2\/posts\/10401","targetHints":{"allow":["GET"]}}],"collection":[{"href":"https:\/\/life-beaver.eu\/hr\/wp-json\/wp\/v2\/posts"}],"about":[{"href":"https:\/\/life-beaver.eu\/hr\/wp-json\/wp\/v2\/types\/post"}],"author":[{"embeddable":true,"href":"https:\/\/life-beaver.eu\/hr\/wp-json\/wp\/v2\/users\/5"}],"replies":[{"embeddable":true,"href":"https:\/\/life-beaver.eu\/hr\/wp-json\/wp\/v2\/comments?post=10401"}],"version-history":[{"count":1,"href":"https:\/\/life-beaver.eu\/hr\/wp-json\/wp\/v2\/posts\/10401\/revisions"}],"predecessor-version":[{"id":10405,"href":"https:\/\/life-beaver.eu\/hr\/wp-json\/wp\/v2\/posts\/10401\/revisions\/10405"}],"wp:featuredmedia":[{"embeddable":true,"href":"https:\/\/life-beaver.eu\/hr\/wp-json\/wp\/v2\/media\/10402"}],"wp:attachment":[{"href":"https:\/\/life-beaver.eu\/hr\/wp-json\/wp\/v2\/media?parent=10401"}],"wp:term":[{"taxonomy":"category","embeddable":true,"href":"https:\/\/life-beaver.eu\/hr\/wp-json\/wp\/v2\/categories?post=10401"},{"taxonomy":"post_tag","embeddable":true,"href":"https:\/\/life-beaver.eu\/hr\/wp-json\/wp\/v2\/tags?post=10401"}],"curies":[{"name":"wp","href":"https:\/\/api.w.org\/{rel}","templated":true}]}}