{"id":7127,"date":"2023-09-15T17:01:31","date_gmt":"2023-09-15T16:01:31","guid":{"rendered":"https:\/\/life-beaver.eu\/experts-and-representatives-of-various-organizations-present-proposals-for-improving-water-management-in-slovenia\/"},"modified":"2023-09-15T17:08:13","modified_gmt":"2023-09-15T16:08:13","slug":"experts-and-representatives-of-various-organizations-present-proposals-for-improving-water-management-in-slovenia","status":"publish","type":"post","link":"https:\/\/life-beaver.eu\/en\/experts-and-representatives-of-various-organizations-present-proposals-for-improving-water-management-in-slovenia\/","title":{"rendered":"Experts and representatives of various organizations present proposals for improving water management in Slovenia"},"content":{"rendered":"\n<p>On Wednesday, September 13th, 2023, there was a press conference in \u0160kofja Loka. Experts from different spatial planning fields presented their views on future water management.<\/p>\n\n<p>On the same day, the media were also sent the so-called &#8220;Anti-flood letter&#8221; with detailed and reasoned proposals for improving water management in the future. In the letter, we as biologists emphasized the importance of water conservation and the protection of nature and biodiversity as our key allies in adapting to climate change. Water management must also include nature-based solutions, and the key is the mutual cooperation of local communities, experts from different fields and spatial managers. <\/p>\n\n<p>The document was signed by dozens of experts from various fields and representatives of non-governmental and public organizations. Among the content preparers and signatories are water managers, civil engineers, biologists and nature conservationists.<\/p>\n\n<p>The content of the letter is available <a href=\"https:\/\/life-beaver.eu\/wp-content\/uploads\/2023\/09\/2023_09_13_javni-poziv-po-poplavah_pismo_9_tock.pdf\">HERE<\/a>, and the detailed explanations of individual points can be found at this <a href=\"https:\/\/life-beaver.eu\/wp-content\/uploads\/2023\/09\/2023_09_13_priloga-javnemu-pozivu-o-obnovi-po-poplavah.pdf\">LINK<\/a>.<\/p>\n\n<p>We also attach a summary of the conference by the Slovenian Society for Water Protection and RTVSLO:<\/p>\n\n<blockquote class=\"wp-embedded-content\" data-secret=\"TwNc78hvEf\"><a href=\"https:\/\/sdzv-drustvo.si\/novice\/javni-poziv-o-obnovi-po-poplavah-13-september-2023\/\">Javni poziv o obnovi po poplavah &#8211; 13. september 2023<\/a><\/blockquote><iframe class=\"wp-embedded-content\" sandbox=\"allow-scripts\" security=\"restricted\" style=\"position: absolute; clip: rect(1px, 1px, 1px, 1px);\" title=\"&#8220;Javni poziv o obnovi po poplavah &#8211; 13. september 2023&#8221; &#8212; Slovensko dru\u0161tvo za za\u0161\u010dito voda\" src=\"https:\/\/sdzv-drustvo.si\/novice\/javni-poziv-o-obnovi-po-poplavah-13-september-2023\/embed\/#?secret=RfcodaFoNc#?secret=TwNc78hvEf\" data-secret=\"TwNc78hvEf\" width=\"600\" height=\"338\" frameborder=\"0\" marginwidth=\"0\" marginheight=\"0\" scrolling=\"no\"><\/iframe>\n\n<p>And a summary of the conference on RTVSLO:<\/p>\n\n<p>https:\/\/www.rtvslo.si\/lokalne-novice\/poplave\/strokovni-posvet-o-sanaciji-po-poplavah-upravljanje-voda-je-ze-desetletja-povsem-zgreseno\/681263?fbclid=IwAR3tO9N8yGDeXctGtDiFDU7KZUq2zwyHxdayAQhfK8UYuIQHvBrU81K69mM<\/p>\n","protected":false},"excerpt":{"rendered":"<p>On Wednesday, September 13th, 2023, there was a press conference in \u0160kofja Loka. Experts from different spatial planning fields presented their views on future water management. On the same day, the media were&hellip;<\/p>\n","protected":false},"author":5,"featured_media":7124,"comment_status":"closed","ping_status":"closed","sticky":false,"template":"","format":"standard","meta":{"footnotes":""},"categories":[24],"tags":[],"class_list":["post-7127","post","type-post","status-publish","format-standard","has-post-thumbnail","hentry","category-news"],"_links":{"self":[{"href":"https:\/\/life-beaver.eu\/en\/wp-json\/wp\/v2\/posts\/7127","targetHints":{"allow":["GET"]}}],"collection":[{"href":"https:\/\/life-beaver.eu\/en\/wp-json\/wp\/v2\/posts"}],"about":[{"href":"https:\/\/life-beaver.eu\/en\/wp-json\/wp\/v2\/types\/post"}],"author":[{"embeddable":true,"href":"https:\/\/life-beaver.eu\/en\/wp-json\/wp\/v2\/users\/5"}],"replies":[{"embeddable":true,"href":"https:\/\/life-beaver.eu\/en\/wp-json\/wp\/v2\/comments?post=7127"}],"version-history":[{"count":2,"href":"https:\/\/life-beaver.eu\/en\/wp-json\/wp\/v2\/posts\/7127\/revisions"}],"predecessor-version":[{"id":7134,"href":"https:\/\/life-beaver.eu\/en\/wp-json\/wp\/v2\/posts\/7127\/revisions\/7134"}],"wp:featuredmedia":[{"embeddable":true,"href":"https:\/\/life-beaver.eu\/en\/wp-json\/wp\/v2\/media\/7124"}],"wp:attachment":[{"href":"https:\/\/life-beaver.eu\/en\/wp-json\/wp\/v2\/media?parent=7127"}],"wp:term":[{"taxonomy":"category","embeddable":true,"href":"https:\/\/life-beaver.eu\/en\/wp-json\/wp\/v2\/categories?post=7127"},{"taxonomy":"post_tag","embeddable":true,"href":"https:\/\/life-beaver.eu\/en\/wp-json\/wp\/v2\/tags?post=7127"}],"curies":[{"name":"wp","href":"https:\/\/api.w.org\/{rel}","templated":true}]}}